{"id":2236,"date":"2019-06-13T21:08:14","date_gmt":"2019-06-13T20:08:14","guid":{"rendered":"http:\/\/ddnm.si\/?p=2236"},"modified":"2019-06-13T21:08:46","modified_gmt":"2019-06-13T20:08:46","slug":"2236","status":"publish","type":"post","link":"http:\/\/ddnm.si\/?p=2236","title":{"rendered":"Pohod dne 5. 6. 2019 na Kra\u0161nji vrh"},"content":{"rendered":"<p>Kra\u0161nji vrh<\/p>\n<p>To zanimivo Belokranjsko planinsko zaveti\u0161\u010de smo obiskali \u017ee nekajkrat,\u00a0 ker je v vsakem letnem \u010dasu malo druga\u010de smo se odlo\u010dili, da ga obi\u0161\u010demo tudi letos.<\/p>\n<p>V \u00a0sredo 5.6. se nas je na izhodi\u0161\u010du zbralo res samo sedem \u00a0a smo se zaradi dveh, ki tam \u0161e nista bila vseeno odlo\u010dili da gremo in smo \u0161li. Ko smo s prelaza\u00a0 Vahta zagledali Belo krajino, je bila le ta v neki\u00a0 \u010dudni sivini, grozili so celo nevihtni oblaki, mi smo pa kar vztrajali. Za tista dva, ki sta bila na tem obmo\u010dju prvi\u010d je bilo novo to, da smo kar dvakrat pre\u0161li dr\u017eavno mejo, brez, da bi bilo vidno kdaj. Oblaki so \u0161e kar grozili, pri\u010delo je tudi grmeti, mi pa smo \u00a0po hitrem posvetu sprejeli odlo\u010ditev, da se zapeljemo do cerkve na Kra\u0161njem vrhu.<\/p>\n<p>Ugotovili smo, da je bila odlo\u010ditev prava, saj je vse kazalo da se bo \u00a0zdaj, zdaj ulilo pa se na na\u0161o sre\u010do ni. Najprej smo za\u010deli nabirati cvetove bezga,\u00a0 na\u0161 Zvone se je povzpel na razgledni stolp, nato pa sem ga povabila\u00a0 \u0161e na plezalno steno. Najprej sploh ni verjel, da je to res, nato pa se je prepri\u010dal, ko je videl napis \u00bbzahtevna plezalna stena\u00ab. Zvone se je ojuna\u010dil in \u0161el plezat, za mene je bilo \u017ee do izhodi\u0161\u010da tokrat prezahtevno, zato sem ga po\u010dakala s foto aparatom na vrhu. Ni kaj prijetno presene\u010denje in prijetno do\u017eivetje. Od\u0161li smo \u0161e do studen\u010dka Orehovec, kjer smo se s prijetno hladno vodo osve\u017eili in ugotovili, da je na\u0161 pohod v tem soparnem popoldnevu \u0161e kako uspel, saj\u00a0 je tudi \u00a0dru\u017eenje in prijeten klepet \u00a0\u0161e kako\u00a0 prile\u017ee.<\/p>\n<p>Fanika Vovk<\/p>\n\n\t\t<style type=\"text\/css\">\n\t\t\t#gallery-1 {\n\t\t\t\tmargin: auto;\n\t\t\t}\n\t\t\t#gallery-1 .gallery-item {\n\t\t\t\tfloat: left;\n\t\t\t\tmargin-top: 10px;\n\t\t\t\ttext-align: center;\n\t\t\t\twidth: 50%;\n\t\t\t}\n\t\t\t#gallery-1 img {\n\t\t\t\tborder: 2px solid #cfcfcf;\n\t\t\t}\n\t\t\t#gallery-1 .gallery-caption {\n\t\t\t\tmargin-left: 0;\n\t\t\t}\n\t\t\t\/* see gallery_shortcode() in wp-includes\/media.php *\/\n\t\t<\/style>\n\t\t<div id='gallery-1' class='gallery galleryid-2236 gallery-columns-2 gallery-size-large'><dl class='gallery-item'>\n\t\t\t<dt class='gallery-icon landscape'>\n\t\t\t\t<a href='http:\/\/ddnm.si\/?attachment_id=2241'><img width=\"670\" height=\"503\" src=\"http:\/\/ddnm.si\/wp-content\/uploads\/2019\/06\/IMG_6108-1024x768.jpg\" class=\"attachment-large size-large\" alt=\"\" loading=\"lazy\" srcset=\"http:\/\/ddnm.si\/wp-content\/uploads\/2019\/06\/IMG_6108-1024x768.jpg 1024w, http:\/\/ddnm.si\/wp-content\/uploads\/2019\/06\/IMG_6108-300x225.jpg 300w, http:\/\/ddnm.si\/wp-content\/uploads\/2019\/06\/IMG_6108-768x576.jpg 768w, http:\/\/ddnm.si\/wp-content\/uploads\/2019\/06\/IMG_6108.jpg 1600w\" sizes=\"(max-width: 670px) 100vw, 670px\" \/><\/a>\n\t\t\t<\/dt><\/dl><dl class='gallery-item'>\n\t\t\t<dt class='gallery-icon portrait'>\n\t\t\t\t<a href='http:\/\/ddnm.si\/?attachment_id=2240'><img width=\"670\" height=\"893\" src=\"http:\/\/ddnm.si\/wp-content\/uploads\/2019\/06\/IMG_6106-e1560456405750-768x1024.jpg\" class=\"attachment-large size-large\" alt=\"\" loading=\"lazy\" srcset=\"http:\/\/ddnm.si\/wp-content\/uploads\/2019\/06\/IMG_6106-e1560456405750-768x1024.jpg 768w, http:\/\/ddnm.si\/wp-content\/uploads\/2019\/06\/IMG_6106-e1560456405750-225x300.jpg 225w, http:\/\/ddnm.si\/wp-content\/uploads\/2019\/06\/IMG_6106-e1560456405750.jpg 1200w\" sizes=\"(max-width: 670px) 100vw, 670px\" \/><\/a>\n\t\t\t<\/dt><\/dl><br style=\"clear: both\" \/><dl class='gallery-item'>\n\t\t\t<dt class='gallery-icon portrait'>\n\t\t\t\t<a href='http:\/\/ddnm.si\/?attachment_id=2239'><img width=\"670\" height=\"893\" src=\"http:\/\/ddnm.si\/wp-content\/uploads\/2019\/06\/IMG_6104-e1560456425168-768x1024.jpg\" class=\"attachment-large size-large\" alt=\"\" loading=\"lazy\" srcset=\"http:\/\/ddnm.si\/wp-content\/uploads\/2019\/06\/IMG_6104-e1560456425168-768x1024.jpg 768w, http:\/\/ddnm.si\/wp-content\/uploads\/2019\/06\/IMG_6104-e1560456425168-225x300.jpg 225w, http:\/\/ddnm.si\/wp-content\/uploads\/2019\/06\/IMG_6104-e1560456425168.jpg 1200w\" sizes=\"(max-width: 670px) 100vw, 670px\" \/><\/a>\n\t\t\t<\/dt><\/dl><dl class='gallery-item'>\n\t\t\t<dt class='gallery-icon landscape'>\n\t\t\t\t<a href='http:\/\/ddnm.si\/?attachment_id=2238'><img width=\"670\" height=\"503\" src=\"http:\/\/ddnm.si\/wp-content\/uploads\/2019\/06\/IMG_5465-1024x768.jpg\" class=\"attachment-large size-large\" alt=\"\" loading=\"lazy\" srcset=\"http:\/\/ddnm.si\/wp-content\/uploads\/2019\/06\/IMG_5465-1024x768.jpg 1024w, http:\/\/ddnm.si\/wp-content\/uploads\/2019\/06\/IMG_5465-300x225.jpg 300w, http:\/\/ddnm.si\/wp-content\/uploads\/2019\/06\/IMG_5465-768x576.jpg 768w, http:\/\/ddnm.si\/wp-content\/uploads\/2019\/06\/IMG_5465.jpg 1600w\" sizes=\"(max-width: 670px) 100vw, 670px\" \/><\/a>\n\t\t\t<\/dt><\/dl><br style=\"clear: both\" \/>\n\t\t<\/div>\n\n","protected":false},"excerpt":{"rendered":"<p>Kra\u0161nji vrh To zanimivo Belokranjsko planinsko zaveti\u0161\u010de smo obiskali \u017ee nekajkrat,\u00a0 ker je v vsakem letnem \u010dasu malo druga\u010de smo se odlo\u010dili, da ga obi\u0161\u010demo tudi letos. V \u00a0sredo 5.6. se nas je na izhodi\u0161\u010du zbralo res samo sedem \u00a0a smo se zaradi dveh, ki tam \u0161e nista bila vseeno odlo\u010dili da gremo in smo &#8230;<\/p>\n<p class=\"read-more\"><a href=\"http:\/\/ddnm.si\/?p=2236\">>>Ve\u010d&#8230;<\/a><\/p>\n","protected":false},"author":1,"featured_media":2237,"comment_status":"closed","ping_status":"open","sticky":false,"template":"","format":"standard","meta":[],"categories":[1],"tags":[],"_links":{"self":[{"href":"http:\/\/ddnm.si\/index.php?rest_route=\/wp\/v2\/posts\/2236"}],"collection":[{"href":"http:\/\/ddnm.si\/index.php?rest_route=\/wp\/v2\/posts"}],"about":[{"href":"http:\/\/ddnm.si\/index.php?rest_route=\/wp\/v2\/types\/post"}],"author":[{"embeddable":true,"href":"http:\/\/ddnm.si\/index.php?rest_route=\/wp\/v2\/users\/1"}],"replies":[{"embeddable":true,"href":"http:\/\/ddnm.si\/index.php?rest_route=%2Fwp%2Fv2%2Fcomments&post=2236"}],"version-history":[{"count":0,"href":"http:\/\/ddnm.si\/index.php?rest_route=\/wp\/v2\/posts\/2236\/revisions"}],"wp:featuredmedia":[{"embeddable":true,"href":"http:\/\/ddnm.si\/index.php?rest_route=\/wp\/v2\/media\/2237"}],"wp:attachment":[{"href":"http:\/\/ddnm.si\/index.php?rest_route=%2Fwp%2Fv2%2Fmedia&parent=2236"}],"wp:term":[{"taxonomy":"category","embeddable":true,"href":"http:\/\/ddnm.si\/index.php?rest_route=%2Fwp%2Fv2%2Fcategories&post=2236"},{"taxonomy":"post_tag","embeddable":true,"href":"http:\/\/ddnm.si\/index.php?rest_route=%2Fwp%2Fv2%2Ftags&post=2236"}],"curies":[{"name":"wp","href":"https:\/\/api.w.org\/{rel}","templated":true}]}}